{"id":226817,"date":"2023-12-18T09:22:21","date_gmt":"2023-12-18T08:22:21","guid":{"rendered":"https:\/\/rbourgeois.net\/?p=226817"},"modified":"2024-07-10T13:47:59","modified_gmt":"2024-07-10T11:47:59","slug":"larrivee-dune-nouvelle-presse","status":"publish","type":"post","link":"https:\/\/rbourgeois.fr\/de\/larrivee-dune-nouvelle-presse\/","title":{"rendered":"L&#8217;arriv\u00e9e d&#8217;une nouvelle presse \u00e0 Besan\u00e7on"},"content":{"rendered":"\n<p style=\"font-size:15px;font-style:normal;font-weight:700\"><strong>Depuis fin octobre 2023, une nouvelle presse est en cours d\u2019installation dans la zone d\u00e9di\u00e9e \u00e0 l\u2019\u00e9lectromobilit\u00e9.<\/strong><\/p>\n\n\n\n<p style=\"font-size:15px;font-style:normal;font-weight:700\">Comme les 3 presses d\u00e9j\u00e0 pr\u00e9sentes dans la zone, cette presse provient de la marque <strong>AIDA<\/strong>. Elle poss\u00e8de une puissance de <strong>300T<\/strong>. <\/p>\n\n\n\n<p style=\"font-size:15px;font-style:normal;font-weight:700\">De gros investissements sont engag\u00e9s dans l\u2019\u00e9volution de cette r\u00e9cente zone de l\u2019entreprise, qui accueillera ult\u00e9rieurement, <strong>trois presses suppl\u00e9mentaires d\u2019ici fin 2024<\/strong>. De m\u00eame, un <strong>nouveau tunnel de r\u00e9cup\u00e9ration des d\u00e9chets<\/strong> provenant des presses a \u00e9t\u00e9 cr\u00e9\u00e9 dans ce b\u00e2timent pour permettre une meilleure r\u00e9partition des flux de copeaux vers la benne \u00e0 d\u00e9chets.<\/p>\n\n\n\n<p><\/p>\n\n\n\n<p><\/p>\n\n\n\n<p style=\"font-size:15px;font-style:italic;font-weight:400\">Since the end of October 2023, a new press has been installed in the area dedicated to electromobility.<\/p>\n\n\n\n<p style=\"font-size:15px;font-style:italic;font-weight:400\">Like the 3 presses already in the zone, this press is from AIDA. It has a capacity of 300T.<\/p>\n\n\n\n<p style=\"font-size:15px;font-style:italic;font-weight:400\">Major investments have been made in the development of this new area of the company, which will be home to three additional presses by the end of 2024. A new tunnel for recovering waste from the presses has also been created in this building, to ensure that the flow of chips to the waste skip is more evenly distributed.<\/p>\n\n\n\n<figure class=\"wp-block-image size-large\"><img loading=\"lazy\" decoding=\"async\" width=\"2560\" height=\"1600\" src=\"https:\/\/rbourgeois.fr\/wp-content\/uploads\/2023\/12\/IMG_5861-edited-scaled.jpg\" alt=\"\" class=\"wp-image-226820\" srcset=\"https:\/\/rbourgeois.fr\/wp-content\/uploads\/2023\/12\/IMG_5861-edited-scaled.jpg 2560w, https:\/\/rbourgeois.fr\/wp-content\/uploads\/2023\/12\/IMG_5861-edited-1280x800.jpg 1280w, https:\/\/rbourgeois.fr\/wp-content\/uploads\/2023\/12\/IMG_5861-edited-980x613.jpg 980w, https:\/\/rbourgeois.fr\/wp-content\/uploads\/2023\/12\/IMG_5861-edited-480x300.jpg 480w\" sizes=\"auto, (min-width: 0px) and (max-width: 480px) 480px, (min-width: 481px) and (max-width: 980px) 980px, (min-width: 981px) and (max-width: 1280px) 1280px, (min-width: 1281px) 2560px, 100vw\" \/><\/figure>\n","protected":false},"excerpt":{"rendered":"<p>Depuis fin octobre 2023, une nouvelle presse est en cours d\u2019installation dans la zone d\u00e9di\u00e9e \u00e0 l\u2019\u00e9lectromobilit\u00e9. Comme les 3 presses d\u00e9j\u00e0 pr\u00e9sentes dans la zone, cette presse provient de la marque AIDA. Elle poss\u00e8de une puissance de 300T. De gros investissements sont engag\u00e9s dans l\u2019\u00e9volution de cette r\u00e9cente zone de l\u2019entreprise, qui accueillera ult\u00e9rieurement, [&hellip;]<\/p>\n","protected":false},"author":2,"featured_media":226820,"comment_status":"closed","ping_status":"open","sticky":false,"template":"","format":"standard","meta":{"_et_pb_use_builder":"","_et_pb_old_content":"","_et_gb_content_width":"","inline_featured_image":false,"footnotes":""},"categories":[1],"tags":[],"class_list":["post-226817","post","type-post","status-publish","format-standard","has-post-thumbnail","hentry","category-non-classifiee"],"yoast_head":"<!-- This site is optimized with the Yoast SEO plugin v23.0 - https:\/\/yoast.com\/wordpress\/plugins\/seo\/ -->\n<title>L&#039;arriv\u00e9e d&#039;une nouvelle presse \u00e0 Besan\u00e7on | R. Bourgeois<\/title>\n<meta name=\"robots\" content=\"index, follow, max-snippet:-1, max-image-preview:large, max-video-preview:-1\" \/>\n<link rel=\"canonical\" href=\"https:\/\/rbourgeois.fr\/larrivee-dune-nouvelle-presse\/\" \/>\n<meta property=\"og:locale\" content=\"de_DE\" \/>\n<meta property=\"og:type\" content=\"article\" \/>\n<meta property=\"og:title\" content=\"L&#039;arriv\u00e9e d&#039;une nouvelle presse \u00e0 Besan\u00e7on | R. Bourgeois\" \/>\n<meta property=\"og:description\" content=\"Depuis fin octobre 2023, une nouvelle presse est en cours d\u2019installation dans la zone d\u00e9di\u00e9e \u00e0 l\u2019\u00e9lectromobilit\u00e9. Comme les 3 presses d\u00e9j\u00e0 pr\u00e9sentes dans la zone, cette presse provient de la marque AIDA. Elle poss\u00e8de une puissance de 300T. De gros investissements sont engag\u00e9s dans l\u2019\u00e9volution de cette r\u00e9cente zone de l\u2019entreprise, qui accueillera ult\u00e9rieurement, [&hellip;]\" \/>\n<meta property=\"og:url\" content=\"https:\/\/rbourgeois.fr\/larrivee-dune-nouvelle-presse\/\" \/>\n<meta property=\"og:site_name\" content=\"R. Bourgeois\" \/>\n<meta property=\"article:published_time\" content=\"2023-12-18T08:22:21+00:00\" \/>\n<meta property=\"article:modified_time\" content=\"2024-07-10T11:47:59+00:00\" \/>\n<meta property=\"og:image\" content=\"https:\/\/rbourgeois.fr\/wp-content\/uploads\/2023\/12\/IMG_5861-edited-scaled.jpg\" \/>\n\t<meta property=\"og:image:width\" content=\"2560\" \/>\n\t<meta property=\"og:image:height\" content=\"1600\" \/>\n\t<meta property=\"og:image:type\" content=\"image\/jpeg\" \/>\n<meta name=\"author\" content=\"AdminRBourgeois\" \/>\n<meta name=\"twitter:card\" content=\"summary_large_image\" \/>\n<meta name=\"twitter:label1\" content=\"Verfasst von\" \/>\n\t<meta name=\"twitter:data1\" content=\"AdminRBourgeois\" \/>\n\t<meta name=\"twitter:label2\" content=\"Gesch\u00e4tzte Lesezeit\" \/>\n\t<meta name=\"twitter:data2\" content=\"2\u00a0Minuten\" \/>\n<script type=\"application\/ld+json\" class=\"yoast-schema-graph\">{\"@context\":\"https:\/\/schema.org\",\"@graph\":[{\"@type\":\"Article\",\"@id\":\"https:\/\/rbourgeois.fr\/larrivee-dune-nouvelle-presse\/#article\",\"isPartOf\":{\"@id\":\"https:\/\/rbourgeois.fr\/larrivee-dune-nouvelle-presse\/\"},\"author\":{\"name\":\"AdminRBourgeois\",\"@id\":\"https:\/\/rbourgeois.fr\/#\/schema\/person\/5de2194964b2dd3c0e7041142361943d\"},\"headline\":\"L&#8217;arriv\u00e9e d&#8217;une nouvelle presse \u00e0 Besan\u00e7on\",\"datePublished\":\"2023-12-18T08:22:21+00:00\",\"dateModified\":\"2024-07-10T11:47:59+00:00\",\"mainEntityOfPage\":{\"@id\":\"https:\/\/rbourgeois.fr\/larrivee-dune-nouvelle-presse\/\"},\"wordCount\":211,\"publisher\":{\"@id\":\"https:\/\/rbourgeois.fr\/#organization\"},\"image\":{\"@id\":\"https:\/\/rbourgeois.fr\/larrivee-dune-nouvelle-presse\/#primaryimage\"},\"thumbnailUrl\":\"https:\/\/rbourgeois.fr\/wp-content\/uploads\/2023\/12\/IMG_5861-edited-scaled.jpg\",\"articleSection\":[\"Non classifi\u00e9(e)\"],\"inLanguage\":\"de\"},{\"@type\":\"WebPage\",\"@id\":\"https:\/\/rbourgeois.fr\/larrivee-dune-nouvelle-presse\/\",\"url\":\"https:\/\/rbourgeois.fr\/larrivee-dune-nouvelle-presse\/\",\"name\":\"L'arriv\u00e9e d'une nouvelle presse \u00e0 Besan\u00e7on | R. Bourgeois\",\"isPartOf\":{\"@id\":\"https:\/\/rbourgeois.fr\/#website\"},\"primaryImageOfPage\":{\"@id\":\"https:\/\/rbourgeois.fr\/larrivee-dune-nouvelle-presse\/#primaryimage\"},\"image\":{\"@id\":\"https:\/\/rbourgeois.fr\/larrivee-dune-nouvelle-presse\/#primaryimage\"},\"thumbnailUrl\":\"https:\/\/rbourgeois.fr\/wp-content\/uploads\/2023\/12\/IMG_5861-edited-scaled.jpg\",\"datePublished\":\"2023-12-18T08:22:21+00:00\",\"dateModified\":\"2024-07-10T11:47:59+00:00\",\"breadcrumb\":{\"@id\":\"https:\/\/rbourgeois.fr\/larrivee-dune-nouvelle-presse\/#breadcrumb\"},\"inLanguage\":\"de\",\"potentialAction\":[{\"@type\":\"ReadAction\",\"target\":[\"https:\/\/rbourgeois.fr\/larrivee-dune-nouvelle-presse\/\"]}]},{\"@type\":\"ImageObject\",\"inLanguage\":\"de\",\"@id\":\"https:\/\/rbourgeois.fr\/larrivee-dune-nouvelle-presse\/#primaryimage\",\"url\":\"https:\/\/rbourgeois.fr\/wp-content\/uploads\/2023\/12\/IMG_5861-edited-scaled.jpg\",\"contentUrl\":\"https:\/\/rbourgeois.fr\/wp-content\/uploads\/2023\/12\/IMG_5861-edited-scaled.jpg\",\"width\":2560,\"height\":1600},{\"@type\":\"BreadcrumbList\",\"@id\":\"https:\/\/rbourgeois.fr\/larrivee-dune-nouvelle-presse\/#breadcrumb\",\"itemListElement\":[{\"@type\":\"ListItem\",\"position\":1,\"name\":\"Accueil\",\"item\":\"https:\/\/rbourgeois.fr\/\"},{\"@type\":\"ListItem\",\"position\":2,\"name\":\"L&rsquo;arriv\u00e9e d&rsquo;une nouvelle presse \u00e0 Besan\u00e7on\"}]},{\"@type\":\"WebSite\",\"@id\":\"https:\/\/rbourgeois.fr\/#website\",\"url\":\"https:\/\/rbourgeois.fr\/\",\"name\":\"R. Bourgeois\",\"description\":\"Pr\u00e9cision et perfection\",\"publisher\":{\"@id\":\"https:\/\/rbourgeois.fr\/#organization\"},\"alternateName\":\"RBourgeois\",\"potentialAction\":[{\"@type\":\"SearchAction\",\"target\":{\"@type\":\"EntryPoint\",\"urlTemplate\":\"https:\/\/rbourgeois.fr\/?s={search_term_string}\"},\"query-input\":\"required name=search_term_string\"}],\"inLanguage\":\"de\"},{\"@type\":\"Organization\",\"@id\":\"https:\/\/rbourgeois.fr\/#organization\",\"name\":\"R. Bourgeois\",\"url\":\"https:\/\/rbourgeois.fr\/\",\"logo\":{\"@type\":\"ImageObject\",\"inLanguage\":\"de\",\"@id\":\"https:\/\/rbourgeois.fr\/#\/schema\/logo\/image\/\",\"url\":\"https:\/\/rbourgeois.fr\/wp-content\/uploads\/2023\/04\/logo-R.Bourgeois-01.png\",\"contentUrl\":\"https:\/\/rbourgeois.fr\/wp-content\/uploads\/2023\/04\/logo-R.Bourgeois-01.png\",\"width\":500,\"height\":104,\"caption\":\"R. Bourgeois\"},\"image\":{\"@id\":\"https:\/\/rbourgeois.fr\/#\/schema\/logo\/image\/\"},\"sameAs\":[\"https:\/\/www.instagram.com\/rbourgeois_\/\",\"https:\/\/www.linkedin.com\/company\/r-bourgeois\/\",\"https:\/\/www.youtube.com\/channel\/UCNgZ2BX12oI6IfeChaRlnRA\"]},{\"@type\":\"Person\",\"@id\":\"https:\/\/rbourgeois.fr\/#\/schema\/person\/5de2194964b2dd3c0e7041142361943d\",\"name\":\"AdminRBourgeois\",\"image\":{\"@type\":\"ImageObject\",\"inLanguage\":\"de\",\"@id\":\"https:\/\/rbourgeois.fr\/#\/schema\/person\/image\/\",\"url\":\"https:\/\/secure.gravatar.com\/avatar\/029d881616ce0585fd262222a12046b8e11bc7e53b19d3b6ab08c63cc8e827f2?s=96&d=mm&r=g\",\"contentUrl\":\"https:\/\/secure.gravatar.com\/avatar\/029d881616ce0585fd262222a12046b8e11bc7e53b19d3b6ab08c63cc8e827f2?s=96&d=mm&r=g\",\"caption\":\"AdminRBourgeois\"},\"url\":\"https:\/\/rbourgeois.fr\/de\/author\/adminrbourgeois\/\"}]}<\/script>\n<!-- \/ Yoast SEO plugin. -->","yoast_head_json":{"title":"L'arriv\u00e9e d'une nouvelle presse \u00e0 Besan\u00e7on | R. Bourgeois","robots":{"index":"index","follow":"follow","max-snippet":"max-snippet:-1","max-image-preview":"max-image-preview:large","max-video-preview":"max-video-preview:-1"},"canonical":"https:\/\/rbourgeois.fr\/larrivee-dune-nouvelle-presse\/","og_locale":"de_DE","og_type":"article","og_title":"L'arriv\u00e9e d'une nouvelle presse \u00e0 Besan\u00e7on | R. Bourgeois","og_description":"Depuis fin octobre 2023, une nouvelle presse est en cours d\u2019installation dans la zone d\u00e9di\u00e9e \u00e0 l\u2019\u00e9lectromobilit\u00e9. Comme les 3 presses d\u00e9j\u00e0 pr\u00e9sentes dans la zone, cette presse provient de la marque AIDA. Elle poss\u00e8de une puissance de 300T. De gros investissements sont engag\u00e9s dans l\u2019\u00e9volution de cette r\u00e9cente zone de l\u2019entreprise, qui accueillera ult\u00e9rieurement, [&hellip;]","og_url":"https:\/\/rbourgeois.fr\/larrivee-dune-nouvelle-presse\/","og_site_name":"R. Bourgeois","article_published_time":"2023-12-18T08:22:21+00:00","article_modified_time":"2024-07-10T11:47:59+00:00","og_image":[{"width":2560,"height":1600,"url":"https:\/\/rbourgeois.fr\/wp-content\/uploads\/2023\/12\/IMG_5861-edited-scaled.jpg","type":"image\/jpeg"}],"author":"AdminRBourgeois","twitter_card":"summary_large_image","twitter_misc":{"Verfasst von":"AdminRBourgeois","Gesch\u00e4tzte Lesezeit":"2\u00a0Minuten"},"schema":{"@context":"https:\/\/schema.org","@graph":[{"@type":"Article","@id":"https:\/\/rbourgeois.fr\/larrivee-dune-nouvelle-presse\/#article","isPartOf":{"@id":"https:\/\/rbourgeois.fr\/larrivee-dune-nouvelle-presse\/"},"author":{"name":"AdminRBourgeois","@id":"https:\/\/rbourgeois.fr\/#\/schema\/person\/5de2194964b2dd3c0e7041142361943d"},"headline":"L&#8217;arriv\u00e9e d&#8217;une nouvelle presse \u00e0 Besan\u00e7on","datePublished":"2023-12-18T08:22:21+00:00","dateModified":"2024-07-10T11:47:59+00:00","mainEntityOfPage":{"@id":"https:\/\/rbourgeois.fr\/larrivee-dune-nouvelle-presse\/"},"wordCount":211,"publisher":{"@id":"https:\/\/rbourgeois.fr\/#organization"},"image":{"@id":"https:\/\/rbourgeois.fr\/larrivee-dune-nouvelle-presse\/#primaryimage"},"thumbnailUrl":"https:\/\/rbourgeois.fr\/wp-content\/uploads\/2023\/12\/IMG_5861-edited-scaled.jpg","articleSection":["Non classifi\u00e9(e)"],"inLanguage":"de"},{"@type":"WebPage","@id":"https:\/\/rbourgeois.fr\/larrivee-dune-nouvelle-presse\/","url":"https:\/\/rbourgeois.fr\/larrivee-dune-nouvelle-presse\/","name":"L'arriv\u00e9e d'une nouvelle presse \u00e0 Besan\u00e7on | R. Bourgeois","isPartOf":{"@id":"https:\/\/rbourgeois.fr\/#website"},"primaryImageOfPage":{"@id":"https:\/\/rbourgeois.fr\/larrivee-dune-nouvelle-presse\/#primaryimage"},"image":{"@id":"https:\/\/rbourgeois.fr\/larrivee-dune-nouvelle-presse\/#primaryimage"},"thumbnailUrl":"https:\/\/rbourgeois.fr\/wp-content\/uploads\/2023\/12\/IMG_5861-edited-scaled.jpg","datePublished":"2023-12-18T08:22:21+00:00","dateModified":"2024-07-10T11:47:59+00:00","breadcrumb":{"@id":"https:\/\/rbourgeois.fr\/larrivee-dune-nouvelle-presse\/#breadcrumb"},"inLanguage":"de","potentialAction":[{"@type":"ReadAction","target":["https:\/\/rbourgeois.fr\/larrivee-dune-nouvelle-presse\/"]}]},{"@type":"ImageObject","inLanguage":"de","@id":"https:\/\/rbourgeois.fr\/larrivee-dune-nouvelle-presse\/#primaryimage","url":"https:\/\/rbourgeois.fr\/wp-content\/uploads\/2023\/12\/IMG_5861-edited-scaled.jpg","contentUrl":"https:\/\/rbourgeois.fr\/wp-content\/uploads\/2023\/12\/IMG_5861-edited-scaled.jpg","width":2560,"height":1600},{"@type":"BreadcrumbList","@id":"https:\/\/rbourgeois.fr\/larrivee-dune-nouvelle-presse\/#breadcrumb","itemListElement":[{"@type":"ListItem","position":1,"name":"Accueil","item":"https:\/\/rbourgeois.fr\/"},{"@type":"ListItem","position":2,"name":"L&rsquo;arriv\u00e9e d&rsquo;une nouvelle presse \u00e0 Besan\u00e7on"}]},{"@type":"WebSite","@id":"https:\/\/rbourgeois.fr\/#website","url":"https:\/\/rbourgeois.fr\/","name":"R. Bourgeois","description":"Pr\u00e9cision et perfection","publisher":{"@id":"https:\/\/rbourgeois.fr\/#organization"},"alternateName":"RBourgeois","potentialAction":[{"@type":"SearchAction","target":{"@type":"EntryPoint","urlTemplate":"https:\/\/rbourgeois.fr\/?s={search_term_string}"},"query-input":"required name=search_term_string"}],"inLanguage":"de"},{"@type":"Organization","@id":"https:\/\/rbourgeois.fr\/#organization","name":"R. Bourgeois","url":"https:\/\/rbourgeois.fr\/","logo":{"@type":"ImageObject","inLanguage":"de","@id":"https:\/\/rbourgeois.fr\/#\/schema\/logo\/image\/","url":"https:\/\/rbourgeois.fr\/wp-content\/uploads\/2023\/04\/logo-R.Bourgeois-01.png","contentUrl":"https:\/\/rbourgeois.fr\/wp-content\/uploads\/2023\/04\/logo-R.Bourgeois-01.png","width":500,"height":104,"caption":"R. Bourgeois"},"image":{"@id":"https:\/\/rbourgeois.fr\/#\/schema\/logo\/image\/"},"sameAs":["https:\/\/www.instagram.com\/rbourgeois_\/","https:\/\/www.linkedin.com\/company\/r-bourgeois\/","https:\/\/www.youtube.com\/channel\/UCNgZ2BX12oI6IfeChaRlnRA"]},{"@type":"Person","@id":"https:\/\/rbourgeois.fr\/#\/schema\/person\/5de2194964b2dd3c0e7041142361943d","name":"AdminRBourgeois","image":{"@type":"ImageObject","inLanguage":"de","@id":"https:\/\/rbourgeois.fr\/#\/schema\/person\/image\/","url":"https:\/\/secure.gravatar.com\/avatar\/029d881616ce0585fd262222a12046b8e11bc7e53b19d3b6ab08c63cc8e827f2?s=96&d=mm&r=g","contentUrl":"https:\/\/secure.gravatar.com\/avatar\/029d881616ce0585fd262222a12046b8e11bc7e53b19d3b6ab08c63cc8e827f2?s=96&d=mm&r=g","caption":"AdminRBourgeois"},"url":"https:\/\/rbourgeois.fr\/de\/author\/adminrbourgeois\/"}]}},"_links":{"self":[{"href":"https:\/\/rbourgeois.fr\/de\/wp-json\/wp\/v2\/posts\/226817","targetHints":{"allow":["GET"]}}],"collection":[{"href":"https:\/\/rbourgeois.fr\/de\/wp-json\/wp\/v2\/posts"}],"about":[{"href":"https:\/\/rbourgeois.fr\/de\/wp-json\/wp\/v2\/types\/post"}],"author":[{"embeddable":true,"href":"https:\/\/rbourgeois.fr\/de\/wp-json\/wp\/v2\/users\/2"}],"replies":[{"embeddable":true,"href":"https:\/\/rbourgeois.fr\/de\/wp-json\/wp\/v2\/comments?post=226817"}],"version-history":[{"count":0,"href":"https:\/\/rbourgeois.fr\/de\/wp-json\/wp\/v2\/posts\/226817\/revisions"}],"wp:featuredmedia":[{"embeddable":true,"href":"https:\/\/rbourgeois.fr\/de\/wp-json\/wp\/v2\/media\/226820"}],"wp:attachment":[{"href":"https:\/\/rbourgeois.fr\/de\/wp-json\/wp\/v2\/media?parent=226817"}],"wp:term":[{"taxonomy":"category","embeddable":true,"href":"https:\/\/rbourgeois.fr\/de\/wp-json\/wp\/v2\/categories?post=226817"},{"taxonomy":"post_tag","embeddable":true,"href":"https:\/\/rbourgeois.fr\/de\/wp-json\/wp\/v2\/tags?post=226817"}],"curies":[{"name":"wp","href":"https:\/\/api.w.org\/{rel}","templated":true}]}}